{"id":2176,"date":"2024-04-30T13:51:48","date_gmt":"2024-04-30T13:51:48","guid":{"rendered":"https:\/\/www.magnum.com.br\/?p=2176"},"modified":"2024-04-30T13:51:48","modified_gmt":"2024-04-30T13:51:48","slug":"tecnologia-educacional-inteligencia-artificial-e-novas-ferramentas-digitais","status":"publish","type":"post","link":"https:\/\/www.magnum.com.br\/?p=2176","title":{"rendered":"Tecnologia Educacional, Intelig\u00eancia Artificial e Novas Ferramentas Digitais"},"content":{"rendered":"<p><span style=\"font-weight: 400;\">Nosso Diretor Geral, Germano Neto, recentemente concedeu uma entrevista ao site <a href=\"https:\/\/educaweek.com.br\/2024\/04\/08\/entrevista-germano-neto-tema-tecnologia-educacional-inteligencia-artificial-e-novas-ferramentas-digitais\/\">Educa Week<\/a> abordando o tema de Tecnologia Educacional, Intelig\u00eancia Artificial e Novas Ferramentas Digitais. Confira o conte\u00fado desta entrevista.<\/span><\/p>\n<p>&nbsp;<\/p>\n<p><b>1- Como voc\u00ea v\u00ea o papel da Intelig\u00eancia Artificial na personaliza\u00e7\u00e3o do processo de aprendizagem e quais s\u00e3o as implica\u00e7\u00f5es para os m\u00e9todos tradicionais de ensino?<\/b><\/p>\n<p>&nbsp;<\/p>\n<p><b>Germano<\/b><span style=\"font-weight: 400;\">: \u201cO potencial da IA para a personaliza\u00e7\u00e3o do processo educacional n\u00e3o tem precedentes. Mas a verdade \u00e9 que o poder da IA \u00e9 tal que me sinto desconcertado ao sugerir caminhos. Quanto deste poder eu mesmo compreendo? A utiliza\u00e7\u00e3o da IA, quando bem alinhada com premissas fundamentais como o pensamento cr\u00edtico, saber fazer boas perguntas e fazer uso cr\u00edtico da tecnologia, pode aprimorar consideravelmente a experi\u00eancia educacional. A educa\u00e7\u00e3o deve visar o desenvolvimento do pensamento cr\u00edtico. Ao interagir com a IA, o aluno j\u00e1 deve ter um desenvolvimento socioemocional que lhe permita ser cr\u00edtico. A IA, por sua vez, pode personalizar o aprendizado ao identificar os pontos fortes e fracos de cada<\/span><\/p>\n<p><span style=\"font-weight: 400;\">aluno, adaptando-se \u00e0s suas necessidades espec\u00edficas e promovendo desafios que estimulem seu pensamento cr\u00edtico. A capacidade de fazer boas perguntas \u00e9 essencial para o pensamento cr\u00edtico. A IA pode auxiliar nisso ao fornecer feedback instant\u00e2neo, permitindo que os alunos explorem diferentes cen\u00e1rios e resultados de suas indaga\u00e7\u00f5es. Isso os encorajaria a formular perguntas cada vez mais complexas e relevantes, A IA, ao oferecer conte\u00fado personalizado e adaptativo, pode expandir o conhecimento de\u00a0 mundo dos alunos, apresentando-os a uma gama diversificada de temas, perspectivas e problemas. Isso prepara o terreno para que fa\u00e7am perguntas bem fundamentadas e relev\u00e2ncia social, econ\u00f4mica e cultural.<\/span><\/p>\n<p><span style=\"font-weight: 400;\">Acredito que seja crucial manter um equil\u00edbrio saud\u00e1vel entre atividades digitais e n\u00e3o digitais. A personaliza\u00e7\u00e3o oferecida pela IA n\u00e3o deve substituir, mas sim complementar as experi\u00eancias de aprendizagem n\u00e3o digitais, as quais s\u00e3o fundamentais para o desenvolvimento social, emocional e cognitivo dos alunos. Este equil\u00edbrio assegura que o uso da tecnologia na educa\u00e7\u00e3o seja cr\u00edtico e intencional, promovendo uma reflex\u00e3o aprofundada e o desenvolvimento de habilidades vitais para a vida. A ado\u00e7\u00e3o da IA na personaliza\u00e7\u00e3o do ensino implica uma revis\u00e3o dos m\u00e9todos tradicionais de ensino. Os educadores s\u00e3o chamados a assumir novos pap\u00e9is, como facilitadores do aprendizado e orientadores no uso cr\u00edtico da tecnologia. Isso requer uma atualiza\u00e7\u00e3o<\/span><\/p>\n<p><span style=\"font-weight: 400;\">constante em pr\u00e1ticas pedag\u00f3gicas e tecnol\u00f3gicas, bem como uma reflex\u00e3o sobre como integrar cr\u00edtica e efetivamente a IA no curr\u00edculo. Em suma, a IA tem o potencial de transformar profundamente o processo de aprendizagem, tornando-o mais personalizado, interativo e adaptado \u00e0s necessidades individuais dos alunos. No entanto, sua implementa\u00e7\u00e3o bem-sucedida depende de uma abordagem equilibrada que valorize tanto as intera\u00e7\u00f5es humanas quanto a tecnologia, sempre com foco no desenvolvimento do pensamento cr\u00edtico e na capacidade de fazer boas perguntas.\u201d<\/span><\/p>\n<p>&nbsp;<\/p>\n<p><b>2- Pode nos dar exemplos de como ferramentas e plataformas digitais t\u00eam transformado a interatividade e o engajamento dos alunos no ambiente de aprendizado moderno?<\/b><\/p>\n<p>&nbsp;<\/p>\n<p><b>Germano:<\/b><span style=\"font-weight: 400;\"> \u201cAs ferramentas e plataformas digitais nos d\u00e3o recursos inovadores que transformam a maneira como o conhecimento \u00e9 adquirido e compartilhado. Por exemplo, a Khan Academy, uma plataforma que permite explorar toda sorte de t\u00f3picos e mesmo agrupar alguns que, infelizmente, costumam n\u00e3o fazer parte do curr\u00edculo da maioria das escolas, como programa\u00e7\u00e3o de computadores e educa\u00e7\u00e3o financeira, ampliando conhecimentos e desenvolvendo habilidades acad\u00eamicas\u200b\u200b.<\/span><\/p>\n<p><span style=\"font-weight: 400;\">Algumas ferramentas, como a lousas virtuais, oferecem recursos que ajudam os alunos a organizar informa\u00e7\u00f5es, visualizar dados e colaborar com colegas em tempo real e de qualquer lugar, facilitando o aprendizado colaborativo e projetos em grupo\u200b\u200b. Plataforma de aprendizado online que utilizam flashcards digitais, provas simuladas e question\u00e1rios para tornar o estudo mais eficaz e envolvente; Ferramentas para construir mapas mentais e conceituais que ajudam na cria\u00e7\u00e3o de conex\u00f5es de aprendizado, permitindo aos alunos expandir o conhecimento de forma visual e interativa\u200b\u200b. Ferramentas que ajudam os alunos a escrever melhor, questionando e corrigindo erros gramaticais e ortogr\u00e1ficos\u200b\u200b. Plataformas gamificadas que utilizam question\u00e1rios interativos para envolver os alunos de forma l\u00fadica, incentivando o aprendizado atrav\u00e9s da competi\u00e7\u00e3o saud\u00e1vel e feedback<\/span><\/p>\n<p><span style=\"font-weight: 400;\">imediato. S\u00e3o ao mesmo tempo simples de usar e tem demonstrado ser altamente eficazes em manter o engajamento dos alunos e melhorar a compreens\u00e3o do conte\u00fado\u200b\u200b. Ambientes de aprendizagem, como os LMS, que permitem criar, entregar e ajudar a avaliar conte\u00fados de cursos e a gerenciar o uso dos mais diversos materiais, ferramentas e solu\u00e7\u00f5es educacionais em um s\u00f3 ambiente.\u201d<\/span><\/p>\n<p>&nbsp;<\/p>\n<p><b>3- De que forma a realidade virtual est\u00e1 sendo integrada nos curr\u00edculos educacionais para criar experi\u00eancias de aprendizagem imersivas, e quais s\u00e3o os principais desafios para sua implementa\u00e7\u00e3o eficaz?<\/b><\/p>\n<p>&nbsp;<\/p>\n<p><b>Germano: <\/b><span style=\"font-weight: 400;\">\u201cA principal forma tem sido a explora\u00e7\u00e3o de ambientes virtuais, como simula\u00e7\u00f5es de problemas e experimentos cient\u00edficos, explora\u00e7\u00e3o de lugares, monumentos e objetos hist\u00f3ricos ou visitas virtuais a lugares geogr\u00e1ficos, formas de relevo e ecossistemas. Os desafios s\u00e3o o custo dos equipamentos e programas de usu\u00e1rios, treinamento de professores, os curr\u00edculos e conte\u00fados ainda concebidos para a era da transmiss\u00e3o de informa\u00e7\u00f5es e n\u00e3o para a era da interconectividade e interatividade, e o custo da cria\u00e7\u00e3o de novos ambientes virtuais, que deve ser profissional e sofisticada, para garantir uma imers\u00e3o de melhor qualidade.\u201d<\/span><\/p>\n<p>&nbsp;<\/p>\n<p><b>4- Em sua opini\u00e3o, qual \u00e9 o impacto da combina\u00e7\u00e3o de Intelig\u00eancia Artificial e realidade virtual no desenvolvimento de habilidades cr\u00edticas e criativas nos alunos?<\/b><\/p>\n<p>&nbsp;<\/p>\n<p><b>Germano:<\/b><span style=\"font-weight: 400;\"> \u201cTrata-se de uma combina\u00e7\u00e3o de potencial t\u00e3o grande, quase inimagin\u00e1vel para um educador que ainda vivencia o curr\u00edculo e a escola tradicional. Mas podemos dizer que adicionar a IA \u00e0s simula\u00e7\u00f5es RV pode introduzir elementos din\u00e2micos e adaptativos, desafiando os alunos a aplicar o pensamento cr\u00edtico e a resolu\u00e7\u00e3o de problemas em contextos que mudam em tempo real, estimulando a adapta\u00e7\u00e3o e a criatividade. Por exemplo, o aluno pode variar n\u00fameros ou inc\u00f3gnitas de uma equa\u00e7\u00e3o e ver um objeto ou um gr\u00e1fico ou um volume variar instantaneamente ao seu olhar. E pode ser desafiado pela IA por meio de perguntas que lhe permitam pensar criticamente a rela\u00e7\u00e3o entre n\u00fameros, inc\u00f3gnitas e igualdades dessa equa\u00e7\u00e3o. Uma situa\u00e7\u00e3o como essa pode-se aplicar \u00e0 matem\u00e1tica, \u00e0 f\u00edsica, \u00e0 qu\u00edmica, \u00e0 biologia ou mesmo \u00e0 geografia.\u201d<\/span><\/p>\n<p>&nbsp;<\/p>\n<p><b>5- Poderia compartilhar insights sobre como as plataformas digitais est\u00e3o sendo utilizadas para complementar o ensino presencial, particularmente em cen\u00e1rios onde a Intelig\u00eancia Artificial ajuda a identificar lacunas de aprendizagem?<\/b><\/p>\n<p>&nbsp;<\/p>\n<p><b>Germano:<\/b><span style=\"font-weight: 400;\"> \u201cEsse \u00e9 um assunto muito vasto. Eu gostaria de propor a reflex\u00e3o em um tweet: plataformas digitais usam IA para analisar dados de aprendizagem, personalizando conte\u00fado e identificando lacunas, melhorando assim a efic\u00e1cia do ensino presencial.\u201d<\/span><\/p>\n<p>&nbsp;<\/p>\n<p><b>6- Compartilhe conosco alguma a\u00e7\u00e3o inovadora ou implementa\u00e7\u00e3o tecnol\u00f3gica que sua escola tenha desenvolvido e quais resultados t\u00eam trazido para o ambiente escolar.<\/b><\/p>\n<p>&nbsp;<\/p>\n<p><b>Germano:<\/b><span style=\"font-weight: 400;\"> \u201cNossa escola tem um processo autoral de avalia\u00e7\u00e3o, que denominamos \u201cMacroprocesso de Avalia\u00e7\u00e3o\u201d e ele agora est\u00e1 sendo potencializado enormemente pela coleta maci\u00e7a de dados. Resumidamente, nosso processo \u00e9 assim: a partir da matriz curricular, temos uma matriz de avalia\u00e7\u00e3o, que \u00e9 concretizada no planejamento dos trimestres de cada ano. A partir desse planejamento, mapas de provas, atividades e projetos s\u00e3o desenhados e normatizam a opera\u00e7\u00e3o dessas atividades. As aulas e atividades concretas, de cada professor, para cada per\u00edodo do ano, s\u00e3o ent\u00e3o planejadas com base nesta norma. Executadas as aulas, as provas e avalia\u00e7\u00f5es concretas s\u00e3o elaboradas e os seus resultados analisados em termos de notas e de habilidades alcan\u00e7adas.<\/span><\/p>\n<p><span style=\"font-weight: 400;\">A partir destes resultados, as defasagens (gaps) s\u00e3o analisados e retomados no per\u00edodo seguinte.<\/span><\/p>\n<p><span style=\"font-weight: 400;\">Agora temos um LMS derivado e integrado ao nosso novo material did\u00e1tico. Esse LMS permite coletar muitos dados das atividades dos alunos. A intelig\u00eancia de dados coletados durante o percurso dos alunos no ambiente virtual de ensino est\u00e1 enriquecendo significativamente o &amp;quot;Macroprocesso de Avalia\u00e7\u00e3o&amp;quot; j\u00e1 estabelecido pela escola. Ao integrar dados detalhados de intera\u00e7\u00f5es dos alunos com o material did\u00e1tico online, como tempo de estudo, padr\u00f5es de respostas a quizzes e atividades, \u00e9 poss\u00edvel obter uma compreens\u00e3o<\/span><\/p>\n<p><span style=\"font-weight: 400;\">mais profunda e precisa da aprendizagem e das defasagens.<\/span><\/p>\n<p><span style=\"font-weight: 400;\">Esses dados, analisados atrav\u00e9s de algoritmos, agora permitem uma identifica\u00e7\u00e3o mais r\u00e1pida e precisa das lacunas espec\u00edficas de cada aluno. Isso significa que a matriz de avalia\u00e7\u00e3o pode ser ajustada em tempo real, personalizando o planejamento das atividades para atender determinados perfis de alunos. Assim, o processo de retomada das defasagens ou mesmo a proposta de novos desafios de aprendizagem, no per\u00edodo seguinte, pode ser direcionado de maneira mais eficiente. Al\u00e9m disso, a an\u00e1lise cont\u00ednua dos dados coletados no ambiente virtual de ensino permite um acompanhamento progressivo do desenvolvimento de habilidades dos alunos, ajustando o planejamento pedag\u00f3gico de maneira proativa, em vez de reativa. Isso contribui para uma abordagem de ensino mais adaptativa e muito mais personalizada do que permite a famigerada \u201cnota da prova\u201d, potencializando o sucesso do &amp;quot;Macroprocesso de Avalia\u00e7\u00e3o&amp;quot; e, por consequ\u00eancia, o aprendizado dos alunos de forma mais abrangente e eficaz.\u201d<\/span><\/p>\n<p>&nbsp;<\/p>\n<p><span style=\"font-weight: 400;\">Fonte: <\/span><a href=\"https:\/\/educaweek.com.br\/\"><span style=\"font-weight: 400;\">https:\/\/educaweek.com.br\/<\/span><\/a><span style=\"font-weight: 400;\">\u00a0 &#8211; Acesso em <\/span><a href=\"https:\/\/educaweek.com.br\/2024\/04\/08\/entrevista-germano-neto-tema-tecnologia-educacional-inteligencia-artificial-e-novas-ferramentas-digitais\/\"><span style=\"font-weight: 400;\">abril 10, 2024<\/span><\/a><\/p>\n","protected":false},"excerpt":{"rendered":"<p>Nosso Diretor Geral, Germano Neto, recentemente concedeu uma entrevista ao site Educa Week abordando o tema de Tecnologia Educacional, Intelig\u00eancia Artificial e Novas Ferramentas Digitais. Confira o conte\u00fado desta entrevista. &nbsp; 1- Como voc\u00ea v\u00ea o papel da Intelig\u00eancia Artificial na personaliza\u00e7\u00e3o do processo de aprendizagem e quais s\u00e3o as implica\u00e7\u00f5es para os m\u00e9todos tradicionais [&hellip;]<\/p>\n","protected":false},"author":3,"featured_media":2177,"comment_status":"closed","ping_status":"open","sticky":false,"template":"","format":"standard","meta":{"footnotes":""},"categories":[26],"tags":[32,35,37,38,36],"class_list":["post-2176","post","type-post","status-publish","format-standard","has-post-thumbnail","hentry","category-noticias","tag-colegio-magnum","tag-educacao","tag-entrevista","tag-inteligencia-artificial","tag-tecnologia"],"yoast_head":"<!-- This site is optimized with the Yoast SEO plugin v26.2 - https:\/\/yoast.com\/wordpress\/plugins\/seo\/ -->\n<title>Tecnologia Educacional, Intelig\u00eancia Artificial e Novas Ferramentas Digitais - Col\u00e9gio Magnum<\/title>\n<meta name=\"robots\" content=\"index, follow, max-snippet:-1, max-image-preview:large, max-video-preview:-1\" \/>\n<link rel=\"canonical\" href=\"https:\/\/www.magnum.com.br\/?p=2176\" \/>\n<meta property=\"og:locale\" content=\"pt_BR\" \/>\n<meta property=\"og:type\" content=\"article\" \/>\n<meta property=\"og:title\" content=\"Tecnologia Educacional, Intelig\u00eancia Artificial e Novas Ferramentas Digitais - Col\u00e9gio Magnum\" \/>\n<meta property=\"og:description\" content=\"Nosso Diretor Geral, Germano Neto, recentemente concedeu uma entrevista ao site Educa Week abordando o tema de Tecnologia Educacional, Intelig\u00eancia Artificial e Novas Ferramentas Digitais. Confira o conte\u00fado desta entrevista. &nbsp; 1- Como voc\u00ea v\u00ea o papel da Intelig\u00eancia Artificial na personaliza\u00e7\u00e3o do processo de aprendizagem e quais s\u00e3o as implica\u00e7\u00f5es para os m\u00e9todos tradicionais [&hellip;]\" \/>\n<meta property=\"og:url\" content=\"https:\/\/www.magnum.com.br\/?p=2176\" \/>\n<meta property=\"og:site_name\" content=\"Col\u00e9gio Magnum\" \/>\n<meta property=\"article:published_time\" content=\"2024-04-30T13:51:48+00:00\" \/>\n<meta property=\"og:image\" content=\"https:\/\/www.magnum.com.br\/wp-content\/uploads\/2024\/04\/Design-sem-nome-3.png\" \/>\n\t<meta property=\"og:image:width\" content=\"1080\" \/>\n\t<meta property=\"og:image:height\" content=\"1080\" \/>\n\t<meta property=\"og:image:type\" content=\"image\/png\" \/>\n<meta name=\"author\" content=\"mkt\" \/>\n<meta name=\"twitter:card\" content=\"summary_large_image\" \/>\n<meta name=\"twitter:label1\" content=\"Escrito por\" \/>\n\t<meta name=\"twitter:data1\" content=\"mkt\" \/>\n\t<meta name=\"twitter:label2\" content=\"Est. tempo de leitura\" \/>\n\t<meta name=\"twitter:data2\" content=\"9 minutos\" \/>\n<script type=\"application\/ld+json\" class=\"yoast-schema-graph\">{\"@context\":\"https:\/\/schema.org\",\"@graph\":[{\"@type\":\"WebPage\",\"@id\":\"https:\/\/www.magnum.com.br\/?p=2176\",\"url\":\"https:\/\/www.magnum.com.br\/?p=2176\",\"name\":\"Tecnologia Educacional, Intelig\u00eancia Artificial e Novas Ferramentas Digitais - Col\u00e9gio Magnum\",\"isPartOf\":{\"@id\":\"https:\/\/www.magnum.com.br\/#website\"},\"primaryImageOfPage\":{\"@id\":\"https:\/\/www.magnum.com.br\/?p=2176#primaryimage\"},\"image\":{\"@id\":\"https:\/\/www.magnum.com.br\/?p=2176#primaryimage\"},\"thumbnailUrl\":\"https:\/\/www.magnum.com.br\/wp-content\/uploads\/2024\/04\/Design-sem-nome-3.png\",\"datePublished\":\"2024-04-30T13:51:48+00:00\",\"author\":{\"@id\":\"https:\/\/www.magnum.com.br\/#\/schema\/person\/70072d92e044f6b86bc7b240f132d1bb\"},\"breadcrumb\":{\"@id\":\"https:\/\/www.magnum.com.br\/?p=2176#breadcrumb\"},\"inLanguage\":\"pt-BR\",\"potentialAction\":[{\"@type\":\"ReadAction\",\"target\":[\"https:\/\/www.magnum.com.br\/?p=2176\"]}]},{\"@type\":\"ImageObject\",\"inLanguage\":\"pt-BR\",\"@id\":\"https:\/\/www.magnum.com.br\/?p=2176#primaryimage\",\"url\":\"https:\/\/www.magnum.com.br\/wp-content\/uploads\/2024\/04\/Design-sem-nome-3.png\",\"contentUrl\":\"https:\/\/www.magnum.com.br\/wp-content\/uploads\/2024\/04\/Design-sem-nome-3.png\",\"width\":1080,\"height\":1080},{\"@type\":\"BreadcrumbList\",\"@id\":\"https:\/\/www.magnum.com.br\/?p=2176#breadcrumb\",\"itemListElement\":[{\"@type\":\"ListItem\",\"position\":1,\"name\":\"In\u00edcio\",\"item\":\"https:\/\/www.magnum.com.br\/\"},{\"@type\":\"ListItem\",\"position\":2,\"name\":\"Tecnologia Educacional, Intelig\u00eancia Artificial e Novas Ferramentas Digitais\"}]},{\"@type\":\"WebSite\",\"@id\":\"https:\/\/www.magnum.com.br\/#website\",\"url\":\"https:\/\/www.magnum.com.br\/\",\"name\":\"Col\u00e9gio Magnum\",\"description\":\"\",\"potentialAction\":[{\"@type\":\"SearchAction\",\"target\":{\"@type\":\"EntryPoint\",\"urlTemplate\":\"https:\/\/www.magnum.com.br\/?s={search_term_string}\"},\"query-input\":{\"@type\":\"PropertyValueSpecification\",\"valueRequired\":true,\"valueName\":\"search_term_string\"}}],\"inLanguage\":\"pt-BR\"},{\"@type\":\"Person\",\"@id\":\"https:\/\/www.magnum.com.br\/#\/schema\/person\/70072d92e044f6b86bc7b240f132d1bb\",\"name\":\"mkt\",\"image\":{\"@type\":\"ImageObject\",\"inLanguage\":\"pt-BR\",\"@id\":\"https:\/\/www.magnum.com.br\/#\/schema\/person\/image\/\",\"url\":\"https:\/\/secure.gravatar.com\/avatar\/770cca9ccafc1013aea3f6bc00e2f6b8bad0f68e91cc61447631fe56b28562f1?s=96&d=mm&r=g\",\"contentUrl\":\"https:\/\/secure.gravatar.com\/avatar\/770cca9ccafc1013aea3f6bc00e2f6b8bad0f68e91cc61447631fe56b28562f1?s=96&d=mm&r=g\",\"caption\":\"mkt\"},\"url\":\"https:\/\/www.magnum.com.br\/?author=3\"}]}<\/script>\n<!-- \/ Yoast SEO plugin. -->","yoast_head_json":{"title":"Tecnologia Educacional, Intelig\u00eancia Artificial e Novas Ferramentas Digitais - Col\u00e9gio Magnum","robots":{"index":"index","follow":"follow","max-snippet":"max-snippet:-1","max-image-preview":"max-image-preview:large","max-video-preview":"max-video-preview:-1"},"canonical":"https:\/\/www.magnum.com.br\/?p=2176","og_locale":"pt_BR","og_type":"article","og_title":"Tecnologia Educacional, Intelig\u00eancia Artificial e Novas Ferramentas Digitais - Col\u00e9gio Magnum","og_description":"Nosso Diretor Geral, Germano Neto, recentemente concedeu uma entrevista ao site Educa Week abordando o tema de Tecnologia Educacional, Intelig\u00eancia Artificial e Novas Ferramentas Digitais. Confira o conte\u00fado desta entrevista. &nbsp; 1- Como voc\u00ea v\u00ea o papel da Intelig\u00eancia Artificial na personaliza\u00e7\u00e3o do processo de aprendizagem e quais s\u00e3o as implica\u00e7\u00f5es para os m\u00e9todos tradicionais [&hellip;]","og_url":"https:\/\/www.magnum.com.br\/?p=2176","og_site_name":"Col\u00e9gio Magnum","article_published_time":"2024-04-30T13:51:48+00:00","og_image":[{"width":1080,"height":1080,"url":"https:\/\/www.magnum.com.br\/wp-content\/uploads\/2024\/04\/Design-sem-nome-3.png","type":"image\/png"}],"author":"mkt","twitter_card":"summary_large_image","twitter_misc":{"Escrito por":"mkt","Est. tempo de leitura":"9 minutos"},"schema":{"@context":"https:\/\/schema.org","@graph":[{"@type":"WebPage","@id":"https:\/\/www.magnum.com.br\/?p=2176","url":"https:\/\/www.magnum.com.br\/?p=2176","name":"Tecnologia Educacional, Intelig\u00eancia Artificial e Novas Ferramentas Digitais - Col\u00e9gio Magnum","isPartOf":{"@id":"https:\/\/www.magnum.com.br\/#website"},"primaryImageOfPage":{"@id":"https:\/\/www.magnum.com.br\/?p=2176#primaryimage"},"image":{"@id":"https:\/\/www.magnum.com.br\/?p=2176#primaryimage"},"thumbnailUrl":"https:\/\/www.magnum.com.br\/wp-content\/uploads\/2024\/04\/Design-sem-nome-3.png","datePublished":"2024-04-30T13:51:48+00:00","author":{"@id":"https:\/\/www.magnum.com.br\/#\/schema\/person\/70072d92e044f6b86bc7b240f132d1bb"},"breadcrumb":{"@id":"https:\/\/www.magnum.com.br\/?p=2176#breadcrumb"},"inLanguage":"pt-BR","potentialAction":[{"@type":"ReadAction","target":["https:\/\/www.magnum.com.br\/?p=2176"]}]},{"@type":"ImageObject","inLanguage":"pt-BR","@id":"https:\/\/www.magnum.com.br\/?p=2176#primaryimage","url":"https:\/\/www.magnum.com.br\/wp-content\/uploads\/2024\/04\/Design-sem-nome-3.png","contentUrl":"https:\/\/www.magnum.com.br\/wp-content\/uploads\/2024\/04\/Design-sem-nome-3.png","width":1080,"height":1080},{"@type":"BreadcrumbList","@id":"https:\/\/www.magnum.com.br\/?p=2176#breadcrumb","itemListElement":[{"@type":"ListItem","position":1,"name":"In\u00edcio","item":"https:\/\/www.magnum.com.br\/"},{"@type":"ListItem","position":2,"name":"Tecnologia Educacional, Intelig\u00eancia Artificial e Novas Ferramentas Digitais"}]},{"@type":"WebSite","@id":"https:\/\/www.magnum.com.br\/#website","url":"https:\/\/www.magnum.com.br\/","name":"Col\u00e9gio Magnum","description":"","potentialAction":[{"@type":"SearchAction","target":{"@type":"EntryPoint","urlTemplate":"https:\/\/www.magnum.com.br\/?s={search_term_string}"},"query-input":{"@type":"PropertyValueSpecification","valueRequired":true,"valueName":"search_term_string"}}],"inLanguage":"pt-BR"},{"@type":"Person","@id":"https:\/\/www.magnum.com.br\/#\/schema\/person\/70072d92e044f6b86bc7b240f132d1bb","name":"mkt","image":{"@type":"ImageObject","inLanguage":"pt-BR","@id":"https:\/\/www.magnum.com.br\/#\/schema\/person\/image\/","url":"https:\/\/secure.gravatar.com\/avatar\/770cca9ccafc1013aea3f6bc00e2f6b8bad0f68e91cc61447631fe56b28562f1?s=96&d=mm&r=g","contentUrl":"https:\/\/secure.gravatar.com\/avatar\/770cca9ccafc1013aea3f6bc00e2f6b8bad0f68e91cc61447631fe56b28562f1?s=96&d=mm&r=g","caption":"mkt"},"url":"https:\/\/www.magnum.com.br\/?author=3"}]}},"_links":{"self":[{"href":"https:\/\/www.magnum.com.br\/index.php?rest_route=\/wp\/v2\/posts\/2176","targetHints":{"allow":["GET"]}}],"collection":[{"href":"https:\/\/www.magnum.com.br\/index.php?rest_route=\/wp\/v2\/posts"}],"about":[{"href":"https:\/\/www.magnum.com.br\/index.php?rest_route=\/wp\/v2\/types\/post"}],"author":[{"embeddable":true,"href":"https:\/\/www.magnum.com.br\/index.php?rest_route=\/wp\/v2\/users\/3"}],"replies":[{"embeddable":true,"href":"https:\/\/www.magnum.com.br\/index.php?rest_route=%2Fwp%2Fv2%2Fcomments&post=2176"}],"version-history":[{"count":2,"href":"https:\/\/www.magnum.com.br\/index.php?rest_route=\/wp\/v2\/posts\/2176\/revisions"}],"predecessor-version":[{"id":2179,"href":"https:\/\/www.magnum.com.br\/index.php?rest_route=\/wp\/v2\/posts\/2176\/revisions\/2179"}],"wp:featuredmedia":[{"embeddable":true,"href":"https:\/\/www.magnum.com.br\/index.php?rest_route=\/wp\/v2\/media\/2177"}],"wp:attachment":[{"href":"https:\/\/www.magnum.com.br\/index.php?rest_route=%2Fwp%2Fv2%2Fmedia&parent=2176"}],"wp:term":[{"taxonomy":"category","embeddable":true,"href":"https:\/\/www.magnum.com.br\/index.php?rest_route=%2Fwp%2Fv2%2Fcategories&post=2176"},{"taxonomy":"post_tag","embeddable":true,"href":"https:\/\/www.magnum.com.br\/index.php?rest_route=%2Fwp%2Fv2%2Ftags&post=2176"}],"curies":[{"name":"wp","href":"https:\/\/api.w.org\/{rel}","templated":true}]}}